{"id":164,"date":"2012-09-12T09:01:36","date_gmt":"2012-09-12T07:01:36","guid":{"rendered":"http:\/\/www.colegiosantisimo.es\/?p=164"},"modified":"2014-02-17T17:51:35","modified_gmt":"2014-02-17T16:51:35","slug":"nuevo-curso-2012-2013","status":"publish","type":"post","link":"https:\/\/www.colegiosantisimo.es\/?p=164","title":{"rendered":"Bienvenidos al Curso 2012-2013"},"content":{"rendered":"<div>Estimadas familias,<\/div>\n<div>Haceros llegar en primer lugar una calurosa bienvenida al nuevo curso, por parte de\u00a0quienes formamos la Comunidad Escolar. Se trata de un curso distinto, pues nuestra\u00a0querida directora Sor Pilar no nos acompa\u00f1a este comienzo, ya que ha tomado su bien\u00a0merecido descanso jubil\u00e1ndose, y deja en manos de un nuevo equipo directivo el rumbo\u00a0del colegio.<img fetchpriority=\"high\" decoding=\"async\" class=\" size-full wp-image-162\" alt=\"\" src=\"http:\/\/www.colegiosantisimo.es\/wp-content\/uploads\/2012\/09\/Curso1213_03.JPG\" width=\"640\" height=\"370\" srcset=\"https:\/\/www.colegiosantisimo.es\/wp-content\/uploads\/2012\/09\/Curso1213_03.JPG 640w, https:\/\/www.colegiosantisimo.es\/wp-content\/uploads\/2012\/09\/Curso1213_03-300x173.jpg 300w, https:\/\/www.colegiosantisimo.es\/wp-content\/uploads\/2012\/09\/Curso1213_03-624x360.jpg 624w\" sizes=\"(max-width: 640px) 100vw, 640px\" \/><\/div>\n<div>Como nuevo director pedag\u00f3gico, deciros que me siento muy orgulloso de mi\u00a0nombramiento y que es un honor llevar a cabo dicha tarea en \u00e9ste, vuestro centro, con\u00a0m\u00e1s de cien a\u00f1os de existencia en el pueblo de Alc\u00e0sser. Nuestro rumbo como sab\u00e9is,\u00a0est\u00e1 bien definido desde la titularidad que ostenta nuestro P\u00e1rroco D. Juan Bautista\u00a0Antol\u00ed, con un claustro que bien\u00a0conoc\u00e9is y un equipo directivo con nuevas ideas y gran<\/div>\n<div>capacidad de trabajo.<img decoding=\"async\" class=\" size-full wp-image-163\" alt=\"\" src=\"http:\/\/www.colegiosantisimo.es\/wp-content\/uploads\/2012\/09\/Curso1213_04.JPG\" width=\"640\" height=\"385\" srcset=\"https:\/\/www.colegiosantisimo.es\/wp-content\/uploads\/2012\/09\/Curso1213_04.JPG 640w, https:\/\/www.colegiosantisimo.es\/wp-content\/uploads\/2012\/09\/Curso1213_04-300x180.jpg 300w, https:\/\/www.colegiosantisimo.es\/wp-content\/uploads\/2012\/09\/Curso1213_04-624x375.jpg 624w\" sizes=\"(max-width: 640px) 100vw, 640px\" \/><\/div>\n<div>Desgraciadamente es un hecho relevante que estemos inmersos en una situaci\u00f3n de\u00a0crisis muy grave y sabemos que llega a toda la comunidad escolar. Deciros, que pese\u00a0a que el colegio tambi\u00e9n sufre dificultades econ\u00f3micas, todo\u00a0el personal del centro\u00a0empieza el presente curso, con esp\u00edritu de sacrificio y con m\u00e1s \u00e1nimo que nunca si cabe,\u00a0con m\u00e1s dedicaci\u00f3n a vuestros hijos y con la ilusi\u00f3n de seguir form\u00e1ndolos, pues nuestra\u00a0profesi\u00f3n es vocacional y siempre con la perspectiva cristiana que caracteriza a nuestro\u00a0colegio.<\/div>\n<div>Para terminar, reiteraros nuestro deseo de que tengamos todos, un estupendo curso\u00a02012\/13.<\/div>\n<div><\/div>\n<div>Atentamente,<\/div>\n<div><\/div>\n<div>Ramiro Pastor Molt\u00f3<\/div>\n<div>Director Pedag\u00f3gico<\/div>\n<div><\/div>\n<div><\/div>\n<div><\/div>\n","protected":false},"excerpt":{"rendered":"<p>Estimadas familias, Haceros llegar en primer lugar una calurosa bienvenida al nuevo curso, por parte de\u00a0quienes formamos la Comunidad Escolar. Se trata de un curso distinto, pues nuestra\u00a0querida directora Sor Pilar no nos acompa\u00f1a este comienzo, ya que ha tomado su bien\u00a0merecido descanso jubil\u00e1ndose, y deja en manos de un nuevo equipo directivo el rumbo\u00a0del [&hellip;]<\/p>\n","protected":false},"author":6,"featured_media":162,"comment_status":"open","ping_status":"closed","sticky":false,"template":"","format":"standard","meta":{"footnotes":""},"categories":[14,12,16],"tags":[],"class_list":["post-164","post","type-post","status-publish","format-standard","has-post-thumbnail","hentry","category-c25-infantil","category-c29-primaria","category-c30-secundaria"],"_links":{"self":[{"href":"https:\/\/www.colegiosantisimo.es\/index.php?rest_route=\/wp\/v2\/posts\/164","targetHints":{"allow":["GET"]}}],"collection":[{"href":"https:\/\/www.colegiosantisimo.es\/index.php?rest_route=\/wp\/v2\/posts"}],"about":[{"href":"https:\/\/www.colegiosantisimo.es\/index.php?rest_route=\/wp\/v2\/types\/post"}],"author":[{"embeddable":true,"href":"https:\/\/www.colegiosantisimo.es\/index.php?rest_route=\/wp\/v2\/users\/6"}],"replies":[{"embeddable":true,"href":"https:\/\/www.colegiosantisimo.es\/index.php?rest_route=%2Fwp%2Fv2%2Fcomments&post=164"}],"version-history":[{"count":1,"href":"https:\/\/www.colegiosantisimo.es\/index.php?rest_route=\/wp\/v2\/posts\/164\/revisions"}],"predecessor-version":[{"id":317,"href":"https:\/\/www.colegiosantisimo.es\/index.php?rest_route=\/wp\/v2\/posts\/164\/revisions\/317"}],"wp:featuredmedia":[{"embeddable":true,"href":"https:\/\/www.colegiosantisimo.es\/index.php?rest_route=\/wp\/v2\/media\/162"}],"wp:attachment":[{"href":"https:\/\/www.colegiosantisimo.es\/index.php?rest_route=%2Fwp%2Fv2%2Fmedia&parent=164"}],"wp:term":[{"taxonomy":"category","embeddable":true,"href":"https:\/\/www.colegiosantisimo.es\/index.php?rest_route=%2Fwp%2Fv2%2Fcategories&post=164"},{"taxonomy":"post_tag","embeddable":true,"href":"https:\/\/www.colegiosantisimo.es\/index.php?rest_route=%2Fwp%2Fv2%2Ftags&post=164"}],"curies":[{"name":"wp","href":"https:\/\/api.w.org\/{rel}","templated":true}]}}