{"id":173,"date":"2012-10-22T07:22:54","date_gmt":"2012-10-22T05:22:54","guid":{"rendered":"http:\/\/www.colegiosantisimo.es\/?p=173"},"modified":"2014-02-19T16:40:56","modified_gmt":"2014-02-19T15:40:56","slug":"fiesta-sorpresa-para-sor-pilar","status":"publish","type":"post","link":"https:\/\/www.colegiosantisimo.es\/?p=173","title":{"rendered":"Fiesta sorpresa para Sor Pilar"},"content":{"rendered":"<div><span style=\"font-family: tahoma,arial,helvetica,sans-serif; font-size: small;\"><span style=\"line-height: normal;\">El viernes 19 de Octubre, todo el colegio desde los m\u00e1s peque\u00f1os hasta los padres de los alumnos le hicimos una fiesta sorpresa a Sor Pilar, la cu\u00e1l vino a pasar el d\u00eda.<\/span><\/span><\/div>\n<div><span style=\"font-family: tahoma,arial,helvetica,sans-serif; font-size: small;\"><span style=\"line-height: normal;\">\u00a0<\/span><\/span><\/div>\n<div><span style=\"font-family: tahoma,arial,helvetica,sans-serif; font-size: small;\"><span style=\"line-height: normal;\"><img fetchpriority=\"high\" decoding=\"async\" class=\" size-full wp-image-166\" alt=\"\" src=\"http:\/\/www.colegiosantisimo.es\/wp-content\/uploads\/2012\/10\/Fiesta SOR01.JPG\" width=\"640\" height=\"427\" srcset=\"https:\/\/www.colegiosantisimo.es\/wp-content\/uploads\/2012\/10\/Fiesta%20SOR01.JPG 640w, https:\/\/www.colegiosantisimo.es\/wp-content\/uploads\/2012\/10\/Fiesta%20SOR01-300x200.jpg 300w, https:\/\/www.colegiosantisimo.es\/wp-content\/uploads\/2012\/10\/Fiesta%20SOR01-624x416.jpg 624w\" sizes=\"(max-width: 640px) 100vw, 640px\" \/><\/span><\/span><\/div>\n<div><\/div>\n<div><\/div>\n<div><span style=\"font-family: tahoma,arial,helvetica,sans-serif; font-size: small;\"><span style=\"line-height: normal;\"><img decoding=\"async\" class=\" size-full wp-image-167\" alt=\"\" src=\"http:\/\/www.colegiosantisimo.es\/wp-content\/uploads\/2012\/10\/Fiesta SOR02.JPG\" width=\"640\" height=\"426\" srcset=\"https:\/\/www.colegiosantisimo.es\/wp-content\/uploads\/2012\/10\/Fiesta%20SOR02.JPG 640w, https:\/\/www.colegiosantisimo.es\/wp-content\/uploads\/2012\/10\/Fiesta%20SOR02-300x199.jpg 300w, https:\/\/www.colegiosantisimo.es\/wp-content\/uploads\/2012\/10\/Fiesta%20SOR02-624x415.jpg 624w\" sizes=\"(max-width: 640px) 100vw, 640px\" \/><\/span><\/span><\/div>\n<div><\/div>\n<div><\/div>\n<div><\/div>\n<div><span style=\"font-family: tahoma,arial,helvetica,sans-serif; font-size: small;\"><span style=\"line-height: normal;\"><img decoding=\"async\" class=\" size-full wp-image-168\" alt=\"\" src=\"http:\/\/www.colegiosantisimo.es\/wp-content\/uploads\/2012\/10\/Fiesta SOR03.JPG\" width=\"640\" height=\"343\" srcset=\"https:\/\/www.colegiosantisimo.es\/wp-content\/uploads\/2012\/10\/Fiesta%20SOR03.JPG 640w, https:\/\/www.colegiosantisimo.es\/wp-content\/uploads\/2012\/10\/Fiesta%20SOR03-300x160.jpg 300w, https:\/\/www.colegiosantisimo.es\/wp-content\/uploads\/2012\/10\/Fiesta%20SOR03-624x334.jpg 624w\" sizes=\"(max-width: 640px) 100vw, 640px\" \/><br \/>\n<\/span><\/span><\/div>\n<div><span style=\"font-family: tahoma,arial,helvetica,sans-serif; font-size: small;\"><span style=\"line-height: normal;\">\u00a0<\/span><\/span><\/div>\n<div><span style=\"font-family: tahoma,arial,helvetica,sans-serif; font-size: small;\"><span style=\"line-height: normal;\">Por la ma\u00f1ana todos los alumnos recibieron a Sor Pilar en el patio con una gran ovaci\u00f3n. Le entregaron una gran foto con todos los componentes de la comunidad educativa.<\/span><\/span><\/div>\n<div><span style=\"font-family: tahoma,arial,helvetica,sans-serif; font-size: small;\"><span style=\"line-height: normal;\">\u00a0<\/span><\/span><\/div>\n<div><span style=\"font-family: tahoma,arial,helvetica,sans-serif; font-size: small;\"><span style=\"line-height: normal;\"><img loading=\"lazy\" decoding=\"async\" class=\" size-full wp-image-169\" alt=\"\" src=\"http:\/\/www.colegiosantisimo.es\/wp-content\/uploads\/2012\/10\/tots.jpg\" width=\"640\" height=\"320\" srcset=\"https:\/\/www.colegiosantisimo.es\/wp-content\/uploads\/2012\/10\/tots.jpg 640w, https:\/\/www.colegiosantisimo.es\/wp-content\/uploads\/2012\/10\/tots-300x150.jpg 300w, https:\/\/www.colegiosantisimo.es\/wp-content\/uploads\/2012\/10\/tots-624x312.jpg 624w\" sizes=\"(max-width: 640px) 100vw, 640px\" \/><br \/>\n<\/span><\/span><\/div>\n<div><span style=\"font-family: tahoma,arial,helvetica,sans-serif; font-size: small;\"><span style=\"line-height: normal;\">\u00a0<\/span><\/span><\/div>\n<div><span style=\"font-family: tahoma,arial,helvetica,sans-serif; font-size: small;\"><span style=\"line-height: normal;\">Por la noche el APA y los profesores tambi<\/span><\/span><span style=\"font-family: tahoma,arial,helvetica,sans-serif; font-size: small;\"><span style=\"line-height: normal;\">\u00e9n organizaron una cena sorpresa donde se le hizo entrega de algunos presentes.<\/span><\/span><img loading=\"lazy\" decoding=\"async\" class=\" size-full wp-image-170\" alt=\"\" src=\"http:\/\/www.colegiosantisimo.es\/wp-content\/uploads\/2012\/10\/Fiesta SOR04.JPG\" width=\"640\" height=\"371\" srcset=\"https:\/\/www.colegiosantisimo.es\/wp-content\/uploads\/2012\/10\/Fiesta%20SOR04.JPG 640w, https:\/\/www.colegiosantisimo.es\/wp-content\/uploads\/2012\/10\/Fiesta%20SOR04-300x173.jpg 300w, https:\/\/www.colegiosantisimo.es\/wp-content\/uploads\/2012\/10\/Fiesta%20SOR04-624x361.jpg 624w\" sizes=\"(max-width: 640px) 100vw, 640px\" \/><img loading=\"lazy\" decoding=\"async\" class=\" size-full wp-image-171\" alt=\"\" src=\"http:\/\/www.colegiosantisimo.es\/wp-content\/uploads\/2012\/10\/Fiesta SOR05.JPG\" width=\"640\" height=\"445\" srcset=\"https:\/\/www.colegiosantisimo.es\/wp-content\/uploads\/2012\/10\/Fiesta%20SOR05.JPG 640w, https:\/\/www.colegiosantisimo.es\/wp-content\/uploads\/2012\/10\/Fiesta%20SOR05-300x208.jpg 300w, https:\/\/www.colegiosantisimo.es\/wp-content\/uploads\/2012\/10\/Fiesta%20SOR05-624x433.jpg 624w\" sizes=\"(max-width: 640px) 100vw, 640px\" \/><img loading=\"lazy\" decoding=\"async\" class=\" size-full wp-image-172\" alt=\"\" src=\"http:\/\/www.colegiosantisimo.es\/wp-content\/uploads\/2012\/10\/Fiesta SOR06.JPG\" width=\"640\" height=\"334\" srcset=\"https:\/\/www.colegiosantisimo.es\/wp-content\/uploads\/2012\/10\/Fiesta%20SOR06.JPG 640w, https:\/\/www.colegiosantisimo.es\/wp-content\/uploads\/2012\/10\/Fiesta%20SOR06-300x156.jpg 300w, https:\/\/www.colegiosantisimo.es\/wp-content\/uploads\/2012\/10\/Fiesta%20SOR06-624x325.jpg 624w\" sizes=\"(max-width: 640px) 100vw, 640px\" \/><\/div>\n<div><span style=\"font-family: tahoma,arial,helvetica,sans-serif; font-size: small;\"><span style=\"line-height: normal;\">\u00a0<\/span><\/span><\/div>\n<div><span style=\"font-family: tahoma,arial,helvetica,sans-serif; font-size: small;\"><span style=\"line-height: normal;\">Durante la cena se le present\u00f3 a Sor Pilar un breve v\u00eddeo con algunas fotos de su historia en el Colegio. Pod\u00e9is ver aqu\u00ed el video:<\/span><\/span><\/div>\n<div><span style=\"font-family: tahoma,arial,helvetica,sans-serif; font-size: small;\"><span style=\"line-height: normal;\">\u00a0<\/span><\/span><\/div>\n<div><span style=\"font-family: tahoma,arial,helvetica,sans-serif; font-size: small;\"><span style=\"line-height: normal;\">\u00a0<\/span><\/span><\/div>\n<p><iframe src=\"\/\/www.youtube.com\/embed\/M5O_w3jA2eE\" height=\"315\" width=\"420\" allowfullscreen=\"\" frameborder=\"0\"><\/iframe><\/p>\n","protected":false},"excerpt":{"rendered":"<p>El viernes 19 de Octubre, todo el colegio desde los m\u00e1s peque\u00f1os hasta los padres de los alumnos le hicimos una fiesta sorpresa a Sor Pilar, la cu\u00e1l vino a pasar el d\u00eda. \u00a0 \u00a0 Por la ma\u00f1ana todos los alumnos recibieron a Sor Pilar en el patio con una gran ovaci\u00f3n. Le entregaron una [&hellip;]<\/p>\n","protected":false},"author":6,"featured_media":166,"comment_status":"open","ping_status":"closed","sticky":false,"template":"","format":"standard","meta":{"footnotes":""},"categories":[26,14,12,29,16],"tags":[],"class_list":["post-173","post","type-post","status-publish","format-standard","has-post-thumbnail","hentry","category-c41-apa","category-c25-infantil","category-c29-primaria","category-c45-profesores","category-c30-secundaria"],"_links":{"self":[{"href":"https:\/\/www.colegiosantisimo.es\/index.php?rest_route=\/wp\/v2\/posts\/173","targetHints":{"allow":["GET"]}}],"collection":[{"href":"https:\/\/www.colegiosantisimo.es\/index.php?rest_route=\/wp\/v2\/posts"}],"about":[{"href":"https:\/\/www.colegiosantisimo.es\/index.php?rest_route=\/wp\/v2\/types\/post"}],"author":[{"embeddable":true,"href":"https:\/\/www.colegiosantisimo.es\/index.php?rest_route=\/wp\/v2\/users\/6"}],"replies":[{"embeddable":true,"href":"https:\/\/www.colegiosantisimo.es\/index.php?rest_route=%2Fwp%2Fv2%2Fcomments&post=173"}],"version-history":[{"count":3,"href":"https:\/\/www.colegiosantisimo.es\/index.php?rest_route=\/wp\/v2\/posts\/173\/revisions"}],"predecessor-version":[{"id":426,"href":"https:\/\/www.colegiosantisimo.es\/index.php?rest_route=\/wp\/v2\/posts\/173\/revisions\/426"}],"wp:featuredmedia":[{"embeddable":true,"href":"https:\/\/www.colegiosantisimo.es\/index.php?rest_route=\/wp\/v2\/media\/166"}],"wp:attachment":[{"href":"https:\/\/www.colegiosantisimo.es\/index.php?rest_route=%2Fwp%2Fv2%2Fmedia&parent=173"}],"wp:term":[{"taxonomy":"category","embeddable":true,"href":"https:\/\/www.colegiosantisimo.es\/index.php?rest_route=%2Fwp%2Fv2%2Fcategories&post=173"},{"taxonomy":"post_tag","embeddable":true,"href":"https:\/\/www.colegiosantisimo.es\/index.php?rest_route=%2Fwp%2Fv2%2Ftags&post=173"}],"curies":[{"name":"wp","href":"https:\/\/api.w.org\/{rel}","templated":true}]}}