{"id":2380,"date":"2019-02-05T12:36:10","date_gmt":"2019-02-05T11:36:10","guid":{"rendered":"http:\/\/www.colegiosantisimo.es\/?p=2380"},"modified":"2022-11-20T13:08:01","modified_gmt":"2022-11-20T12:08:01","slug":"2019-dia-de-la-paz","status":"publish","type":"post","link":"https:\/\/www.colegiosantisimo.es\/?p=2380","title":{"rendered":"2019 D\u00eda de la PAZ"},"content":{"rendered":"<p>Despu\u00e9s de estos d\u00edas de manifestaciones por la paz en nuestro colegio ayer 4 de febrero celebramos el d\u00eda de la paz, donde los alumnos leyeron un manifiesto por la paz mientras se hac\u00eda volar unas palomas, el \u00abcor veus blanques\u00bb nos cant\u00f3 la canci\u00f3n \u00ablibre\u00bb de Nino Bravo y \u00absi pudiera\u00bb de Antonio Flores y 4\u00ba de ESO nos hizo bailar a todos a ritmo de \u00abThis is me\u00bb.<br \/>\n<a title=\"ALBUM\" href=\"https:\/\/www.flickr.com\/photos\/49393115@N08\/albums\/72157704801729751\" data-flickr-embed=\"true\" data-header=\"true\" data-footer=\"false\" data-context=\"fl\"><img fetchpriority=\"high\" decoding=\"async\" src=\"https:\/\/c1.staticflickr.com\/3\/2828\/33855501875_4d302f3d2d_z.jpg\" alt=\"FOTOS\" width=\"600\" height=\"450\" \/><\/a><script async src=\"\/\/embedr.flickr.com\/assets\/client-code.js\" charset=\"utf-8\"><\/script><\/p>\n","protected":false},"excerpt":{"rendered":"<p>Despu\u00e9s de estos d\u00edas de manifestaciones por la paz en nuestro colegio ayer 4 de febrero celebramos el d\u00eda de la paz, donde los alumnos leyeron un manifiesto por la paz mientras se hac\u00eda volar unas palomas, el \u00abcor veus blanques\u00bb nos cant\u00f3 la canci\u00f3n \u00ablibre\u00bb de Nino Bravo y \u00absi pudiera\u00bb de Antonio Flores [&hellip;]<\/p>\n","protected":false},"author":6,"featured_media":2381,"comment_status":"closed","ping_status":"closed","sticky":false,"template":"","format":"standard","meta":{"footnotes":""},"categories":[4,14,12,29,16],"tags":[],"class_list":["post-2380","post","type-post","status-publish","format-standard","has-post-thumbnail","hentry","category-s4-actividades","category-c25-infantil","category-c29-primaria","category-c45-profesores","category-c30-secundaria"],"_links":{"self":[{"href":"https:\/\/www.colegiosantisimo.es\/index.php?rest_route=\/wp\/v2\/posts\/2380","targetHints":{"allow":["GET"]}}],"collection":[{"href":"https:\/\/www.colegiosantisimo.es\/index.php?rest_route=\/wp\/v2\/posts"}],"about":[{"href":"https:\/\/www.colegiosantisimo.es\/index.php?rest_route=\/wp\/v2\/types\/post"}],"author":[{"embeddable":true,"href":"https:\/\/www.colegiosantisimo.es\/index.php?rest_route=\/wp\/v2\/users\/6"}],"replies":[{"embeddable":true,"href":"https:\/\/www.colegiosantisimo.es\/index.php?rest_route=%2Fwp%2Fv2%2Fcomments&post=2380"}],"version-history":[{"count":2,"href":"https:\/\/www.colegiosantisimo.es\/index.php?rest_route=\/wp\/v2\/posts\/2380\/revisions"}],"predecessor-version":[{"id":3542,"href":"https:\/\/www.colegiosantisimo.es\/index.php?rest_route=\/wp\/v2\/posts\/2380\/revisions\/3542"}],"wp:featuredmedia":[{"embeddable":true,"href":"https:\/\/www.colegiosantisimo.es\/index.php?rest_route=\/wp\/v2\/media\/2381"}],"wp:attachment":[{"href":"https:\/\/www.colegiosantisimo.es\/index.php?rest_route=%2Fwp%2Fv2%2Fmedia&parent=2380"}],"wp:term":[{"taxonomy":"category","embeddable":true,"href":"https:\/\/www.colegiosantisimo.es\/index.php?rest_route=%2Fwp%2Fv2%2Fcategories&post=2380"},{"taxonomy":"post_tag","embeddable":true,"href":"https:\/\/www.colegiosantisimo.es\/index.php?rest_route=%2Fwp%2Fv2%2Ftags&post=2380"}],"curies":[{"name":"wp","href":"https:\/\/api.w.org\/{rel}","templated":true}]}}