{"id":2383,"date":"2019-02-05T12:40:03","date_gmt":"2019-02-05T11:40:03","guid":{"rendered":"http:\/\/www.colegiosantisimo.es\/?p=2383"},"modified":"2022-11-20T13:08:01","modified_gmt":"2022-11-20T12:08:01","slug":"2019-dia-del-arbol","status":"publish","type":"post","link":"https:\/\/www.colegiosantisimo.es\/?p=2383","title":{"rendered":"2019 D\u00eda del \u00e1rbol"},"content":{"rendered":"<p>Ayer 4 de febrero celebramos el d\u00eda del \u00e1rbol plantando m\u00e1s de 100 \u00e1rboles.<br \/>\nLos alumnos de infantil plantaron \u00e1rboles en el colegio mientras que los alumnos de primaria y secundaria plantaron \u00e1rboles en las aguas potables de Alc\u00e0sser.<br \/>\n<a title=\"ALBUM\" href=\"https:\/\/www.flickr.com\/photos\/49393115@N08\/albums\/72157703065468252\" data-flickr-embed=\"true\" data-header=\"true\" data-footer=\"false\" data-context=\"fl\"><img fetchpriority=\"high\" decoding=\"async\" src=\"https:\/\/c1.staticflickr.com\/3\/2828\/33855501875_4d302f3d2d_z.jpg\" alt=\"FOTOS\" width=\"600\" height=\"450\" \/><\/a><script async src=\"\/\/embedr.flickr.com\/assets\/client-code.js\" charset=\"utf-8\"><\/script><\/p>\n","protected":false},"excerpt":{"rendered":"<p>Ayer 4 de febrero celebramos el d\u00eda del \u00e1rbol plantando m\u00e1s de 100 \u00e1rboles. Los alumnos de infantil plantaron \u00e1rboles en el colegio mientras que los alumnos de primaria y secundaria plantaron \u00e1rboles en las aguas potables de Alc\u00e0sser.<\/p>\n","protected":false},"author":6,"featured_media":2386,"comment_status":"closed","ping_status":"closed","sticky":false,"template":"","format":"standard","meta":{"footnotes":""},"categories":[4,14,12,29,16],"tags":[],"class_list":["post-2383","post","type-post","status-publish","format-standard","has-post-thumbnail","hentry","category-s4-actividades","category-c25-infantil","category-c29-primaria","category-c45-profesores","category-c30-secundaria"],"_links":{"self":[{"href":"https:\/\/www.colegiosantisimo.es\/index.php?rest_route=\/wp\/v2\/posts\/2383","targetHints":{"allow":["GET"]}}],"collection":[{"href":"https:\/\/www.colegiosantisimo.es\/index.php?rest_route=\/wp\/v2\/posts"}],"about":[{"href":"https:\/\/www.colegiosantisimo.es\/index.php?rest_route=\/wp\/v2\/types\/post"}],"author":[{"embeddable":true,"href":"https:\/\/www.colegiosantisimo.es\/index.php?rest_route=\/wp\/v2\/users\/6"}],"replies":[{"embeddable":true,"href":"https:\/\/www.colegiosantisimo.es\/index.php?rest_route=%2Fwp%2Fv2%2Fcomments&post=2383"}],"version-history":[{"count":2,"href":"https:\/\/www.colegiosantisimo.es\/index.php?rest_route=\/wp\/v2\/posts\/2383\/revisions"}],"predecessor-version":[{"id":2823,"href":"https:\/\/www.colegiosantisimo.es\/index.php?rest_route=\/wp\/v2\/posts\/2383\/revisions\/2823"}],"wp:featuredmedia":[{"embeddable":true,"href":"https:\/\/www.colegiosantisimo.es\/index.php?rest_route=\/wp\/v2\/media\/2386"}],"wp:attachment":[{"href":"https:\/\/www.colegiosantisimo.es\/index.php?rest_route=%2Fwp%2Fv2%2Fmedia&parent=2383"}],"wp:term":[{"taxonomy":"category","embeddable":true,"href":"https:\/\/www.colegiosantisimo.es\/index.php?rest_route=%2Fwp%2Fv2%2Fcategories&post=2383"},{"taxonomy":"post_tag","embeddable":true,"href":"https:\/\/www.colegiosantisimo.es\/index.php?rest_route=%2Fwp%2Fv2%2Ftags&post=2383"}],"curies":[{"name":"wp","href":"https:\/\/api.w.org\/{rel}","templated":true}]}}