{"id":2458,"date":"2019-03-13T11:52:10","date_gmt":"2019-03-13T10:52:10","guid":{"rendered":"http:\/\/www.colegiosantisimo.es\/?p=2458"},"modified":"2022-11-20T13:07:46","modified_gmt":"2022-11-20T12:07:46","slug":"2019-miercoles-de-ceniza","status":"publish","type":"post","link":"https:\/\/www.colegiosantisimo.es\/?p=2458","title":{"rendered":"2019 Mi\u00e9rcoles de ceniza"},"content":{"rendered":"<p>El pasado mi\u00e9rcoles el Sant\u00edsimo celebr\u00f3 el mi\u00e9rcoles de ceniza.<br \/>\n<a title=\"ALBUM\" href=\"https:\/\/www.flickr.com\/photos\/49393115@N08\/albums\/72157707381118114\" data-flickr-embed=\"true\" data-header=\"true\" data-footer=\"false\" data-context=\"fl\"><img fetchpriority=\"high\" decoding=\"async\" src=\"https:\/\/c1.staticflickr.com\/3\/2828\/33855501875_4d302f3d2d_z.jpg\" alt=\"FOTOS\" width=\"600\" height=\"450\" \/><\/a><script async src=\"\/\/embedr.flickr.com\/assets\/client-code.js\" charset=\"utf-8\"><\/script><\/p>\n","protected":false},"excerpt":{"rendered":"<p>El pasado mi\u00e9rcoles el Sant\u00edsimo celebr\u00f3 el mi\u00e9rcoles de ceniza.<\/p>\n","protected":false},"author":6,"featured_media":0,"comment_status":"closed","ping_status":"closed","sticky":false,"template":"","format":"standard","meta":{"footnotes":""},"categories":[27],"tags":[],"class_list":["post-2458","post","type-post","status-publish","format-standard","hentry","category-c42-pastoral"],"_links":{"self":[{"href":"https:\/\/www.colegiosantisimo.es\/index.php?rest_route=\/wp\/v2\/posts\/2458","targetHints":{"allow":["GET"]}}],"collection":[{"href":"https:\/\/www.colegiosantisimo.es\/index.php?rest_route=\/wp\/v2\/posts"}],"about":[{"href":"https:\/\/www.colegiosantisimo.es\/index.php?rest_route=\/wp\/v2\/types\/post"}],"author":[{"embeddable":true,"href":"https:\/\/www.colegiosantisimo.es\/index.php?rest_route=\/wp\/v2\/users\/6"}],"replies":[{"embeddable":true,"href":"https:\/\/www.colegiosantisimo.es\/index.php?rest_route=%2Fwp%2Fv2%2Fcomments&post=2458"}],"version-history":[{"count":1,"href":"https:\/\/www.colegiosantisimo.es\/index.php?rest_route=\/wp\/v2\/posts\/2458\/revisions"}],"predecessor-version":[{"id":2459,"href":"https:\/\/www.colegiosantisimo.es\/index.php?rest_route=\/wp\/v2\/posts\/2458\/revisions\/2459"}],"wp:attachment":[{"href":"https:\/\/www.colegiosantisimo.es\/index.php?rest_route=%2Fwp%2Fv2%2Fmedia&parent=2458"}],"wp:term":[{"taxonomy":"category","embeddable":true,"href":"https:\/\/www.colegiosantisimo.es\/index.php?rest_route=%2Fwp%2Fv2%2Fcategories&post=2458"},{"taxonomy":"post_tag","embeddable":true,"href":"https:\/\/www.colegiosantisimo.es\/index.php?rest_route=%2Fwp%2Fv2%2Ftags&post=2458"}],"curies":[{"name":"wp","href":"https:\/\/api.w.org\/{rel}","templated":true}]}}