{"id":2694,"date":"2019-12-16T18:34:07","date_gmt":"2019-12-16T17:34:07","guid":{"rendered":"https:\/\/www.colegiosantisimo.es\/?p=2694"},"modified":"2022-11-20T13:07:11","modified_gmt":"2022-11-20T12:07:11","slug":"2019-concierto-de-villancicos-de-la-banda-diocesana","status":"publish","type":"post","link":"https:\/\/www.colegiosantisimo.es\/?p=2694","title":{"rendered":"2019 concierto de Villancicos de la Banda Diocesana"},"content":{"rendered":"<p>La banda diocesana dio un concierto de Villancicos el pasado s\u00e1bado 14 de diciembre en Valencia.<br \/>\nTenemos varios alumnos miembros de esta banda:<br \/>\n&#8211; Oscar Luj\u00e1n<br \/>\n&#8211; Nuria Burguet<br \/>\n&#8211; Ruth Geric\u00f3<br \/>\n&#8211; Alba Romaguera<br \/>\n&#8211; Pablo Sinovas<br \/>\n&#8211; Esther Hern\u00e1ndez<\/p>\n<p>Enhorabuena<br \/>\n<a title=\"ALBUM\" href=\"https:\/\/www.flickr.com\/photos\/49393115@N08\/albums\/72157712230481386\" data-flickr-embed=\"true\" data-header=\"true\" data-footer=\"false\" data-context=\"fl\"><img fetchpriority=\"high\" decoding=\"async\" src=\"https:\/\/c1.staticflickr.com\/3\/2828\/33855501875_4d302f3d2d_z.jpg\" alt=\"FOTOS\" width=\"600\" height=\"450\" \/><\/a><script async src=\"\/\/embedr.flickr.com\/assets\/client-code.js\" charset=\"utf-8\"><\/script><\/p>\n","protected":false},"excerpt":{"rendered":"<p>La banda diocesana dio un concierto de Villancicos el pasado s\u00e1bado 14 de diciembre en Valencia. Tenemos varios alumnos miembros de esta banda: &#8211; Oscar Luj\u00e1n &#8211; Nuria Burguet &#8211; Ruth Geric\u00f3 &#8211; Alba Romaguera &#8211; Pablo Sinovas &#8211; Esther Hern\u00e1ndez Enhorabuena<\/p>\n","protected":false},"author":6,"featured_media":2727,"comment_status":"closed","ping_status":"closed","sticky":false,"template":"","format":"standard","meta":{"footnotes":""},"categories":[1],"tags":[],"class_list":["post-2694","post","type-post","status-publish","format-standard","has-post-thumbnail","hentry","category-sincategoria"],"_links":{"self":[{"href":"https:\/\/www.colegiosantisimo.es\/index.php?rest_route=\/wp\/v2\/posts\/2694","targetHints":{"allow":["GET"]}}],"collection":[{"href":"https:\/\/www.colegiosantisimo.es\/index.php?rest_route=\/wp\/v2\/posts"}],"about":[{"href":"https:\/\/www.colegiosantisimo.es\/index.php?rest_route=\/wp\/v2\/types\/post"}],"author":[{"embeddable":true,"href":"https:\/\/www.colegiosantisimo.es\/index.php?rest_route=\/wp\/v2\/users\/6"}],"replies":[{"embeddable":true,"href":"https:\/\/www.colegiosantisimo.es\/index.php?rest_route=%2Fwp%2Fv2%2Fcomments&post=2694"}],"version-history":[{"count":3,"href":"https:\/\/www.colegiosantisimo.es\/index.php?rest_route=\/wp\/v2\/posts\/2694\/revisions"}],"predecessor-version":[{"id":2697,"href":"https:\/\/www.colegiosantisimo.es\/index.php?rest_route=\/wp\/v2\/posts\/2694\/revisions\/2697"}],"wp:featuredmedia":[{"embeddable":true,"href":"https:\/\/www.colegiosantisimo.es\/index.php?rest_route=\/wp\/v2\/media\/2727"}],"wp:attachment":[{"href":"https:\/\/www.colegiosantisimo.es\/index.php?rest_route=%2Fwp%2Fv2%2Fmedia&parent=2694"}],"wp:term":[{"taxonomy":"category","embeddable":true,"href":"https:\/\/www.colegiosantisimo.es\/index.php?rest_route=%2Fwp%2Fv2%2Fcategories&post=2694"},{"taxonomy":"post_tag","embeddable":true,"href":"https:\/\/www.colegiosantisimo.es\/index.php?rest_route=%2Fwp%2Fv2%2Ftags&post=2694"}],"curies":[{"name":"wp","href":"https:\/\/api.w.org\/{rel}","templated":true}]}}