{"id":2715,"date":"2020-01-27T18:57:22","date_gmt":"2020-01-27T17:57:22","guid":{"rendered":"https:\/\/www.colegiosantisimo.es\/?p=2715"},"modified":"2022-11-20T13:07:11","modified_gmt":"2022-11-20T12:07:11","slug":"dia-de-la-paz-2020","status":"publish","type":"post","link":"https:\/\/www.colegiosantisimo.es\/?p=2715","title":{"rendered":"D\u00eda de la PAZ 2020"},"content":{"rendered":"<p>Ya pod\u00e9is ver el baile del d\u00eda de la paz&#8230;<\/p>\n<p><iframe src=\"https:\/\/www.youtube.com\/embed\/K1Rv3JZ3YiQ\" width=\"560\" height=\"315\" frameborder=\"0\" allowfullscreen=\"allowfullscreen\"><\/iframe><\/p>\n<p>&nbsp;<\/p>\n<p>Esta semana celebramos el d\u00eda de la PAZ.<br \/>\nEl d\u00eda 30 tendremos la celebraci\u00f3n y mientras tanto todos los d\u00edas escucharemos mensajes de paz.<br \/>\n<iframe src=\"https:\/\/www.youtube.com\/embed\/VD7whYXamIA\" width=\"560\" height=\"315\" frameborder=\"0\" allowfullscreen=\"allowfullscreen\"><\/iframe><\/p>\n","protected":false},"excerpt":{"rendered":"<p>Ya pod\u00e9is ver el baile del d\u00eda de la paz&#8230; &nbsp; Esta semana celebramos el d\u00eda de la PAZ. El d\u00eda 30 tendremos la celebraci\u00f3n y mientras tanto todos los d\u00edas escucharemos mensajes de paz.<\/p>\n","protected":false},"author":6,"featured_media":0,"comment_status":"closed","ping_status":"closed","sticky":false,"template":"","format":"standard","meta":{"footnotes":""},"categories":[1],"tags":[],"class_list":["post-2715","post","type-post","status-publish","format-standard","hentry","category-sincategoria"],"_links":{"self":[{"href":"https:\/\/www.colegiosantisimo.es\/index.php?rest_route=\/wp\/v2\/posts\/2715","targetHints":{"allow":["GET"]}}],"collection":[{"href":"https:\/\/www.colegiosantisimo.es\/index.php?rest_route=\/wp\/v2\/posts"}],"about":[{"href":"https:\/\/www.colegiosantisimo.es\/index.php?rest_route=\/wp\/v2\/types\/post"}],"author":[{"embeddable":true,"href":"https:\/\/www.colegiosantisimo.es\/index.php?rest_route=\/wp\/v2\/users\/6"}],"replies":[{"embeddable":true,"href":"https:\/\/www.colegiosantisimo.es\/index.php?rest_route=%2Fwp%2Fv2%2Fcomments&post=2715"}],"version-history":[{"count":3,"href":"https:\/\/www.colegiosantisimo.es\/index.php?rest_route=\/wp\/v2\/posts\/2715\/revisions"}],"predecessor-version":[{"id":2721,"href":"https:\/\/www.colegiosantisimo.es\/index.php?rest_route=\/wp\/v2\/posts\/2715\/revisions\/2721"}],"wp:attachment":[{"href":"https:\/\/www.colegiosantisimo.es\/index.php?rest_route=%2Fwp%2Fv2%2Fmedia&parent=2715"}],"wp:term":[{"taxonomy":"category","embeddable":true,"href":"https:\/\/www.colegiosantisimo.es\/index.php?rest_route=%2Fwp%2Fv2%2Fcategories&post=2715"},{"taxonomy":"post_tag","embeddable":true,"href":"https:\/\/www.colegiosantisimo.es\/index.php?rest_route=%2Fwp%2Fv2%2Ftags&post=2715"}],"curies":[{"name":"wp","href":"https:\/\/api.w.org\/{rel}","templated":true}]}}