{"id":3235,"date":"2020-10-28T12:40:32","date_gmt":"2020-10-28T11:40:32","guid":{"rendered":"https:\/\/www.colegiosantisimo.es\/?p=3235"},"modified":"2022-11-20T13:06:50","modified_gmt":"2022-11-20T12:06:50","slug":"comenzamos-nuestro-proyecto-clil-para-profes-en-erasmus","status":"publish","type":"post","link":"https:\/\/www.colegiosantisimo.es\/?p=3235","title":{"rendered":"Comenzamos nuestro proyecto CLIL para profes en ERASMUS+"},"content":{"rendered":"<p><span data-keep-original-tag=\"false\" data-original-attrs=\"{&quot;style&quot;:&quot;&quot;}\"><span style=\"font-family: trebuchet\" data-keep-original-tag=\"false\" data-original-attrs=\"{&quot;style&quot;:&quot;&quot;}\"><b>Buenas tardes a todos.<\/b><\/span><\/span><\/p>\n<p><span data-keep-original-tag=\"false\" data-original-attrs=\"{&quot;style&quot;:&quot;&quot;}\"><span style=\"font-family: trebuchet\" data-keep-original-tag=\"false\" data-original-attrs=\"{&quot;style&quot;:&quot;&quot;}\"><b>\u00a0<\/b><\/span><\/span><span data-keep-original-tag=\"false\" data-original-attrs=\"{&quot;style&quot;:&quot;&quot;}\"><span style=\"font-family: trebuchet\" data-keep-original-tag=\"false\" data-original-attrs=\"{&quot;style&quot;:&quot;&quot;}\"><b>El colegio Sant\u00edsimo Cristo de la Fe ha recibido una subvenci\u00f3n\u00a0del SEPIE para desarrollar el proyecto CLIL para los profesores.<\/b><\/span><\/span><b><a href=\"https:\/\/www.blogger.com\/blog\/post\/edit\/4981010041006957393\/8234700575886723361#\" data-original-attrs=\"{&quot;data-original-href&quot;:&quot;https:\/\/1.bp.blogspot.com\/-TgyvK0WmaBY\/X5FumfkrowI\/AAAAAAAAKwE\/mgpCeu6ol4AXklOen6uegEhTMoQvQGLhwCLcBGAsYHQ\/s2048\/IMG_20201020_125440.jpg&quot;,&quot;style&quot;:&quot;&quot;}\"><img fetchpriority=\"high\" decoding=\"async\" class=\"aligncenter\" src=\"https:\/\/1.bp.blogspot.com\/-TgyvK0WmaBY\/X5FumfkrowI\/AAAAAAAAKwE\/mgpCeu6ol4AXklOen6uegEhTMoQvQGLhwCLcBGAsYHQ\/s320\/IMG_20201020_125440.jpg\" width=\"488\" height=\"366\" border=\"0\" data-original-height=\"1536\" data-original-width=\"2048\" \/><\/a><\/b><\/p>\n<p><span data-keep-original-tag=\"false\" data-original-attrs=\"{&quot;style&quot;:&quot;&quot;}\"><span style=\"color: #2b00fe;font-family: trebuchet\" data-keep-original-tag=\"false\" data-original-attrs=\"{&quot;style&quot;:&quot;&quot;}\"><b>\u00bfEn qu\u00e9 consiste nuestro Proyecto?<br \/>\n<\/b><\/span><\/span><\/p>\n<p><span style=\"font-family: trebuchet\" data-keep-original-tag=\"false\" data-original-attrs=\"{&quot;style&quot;:&quot;&quot;}\"><span data-keep-original-tag=\"false\" data-original-attrs=\"{&quot;style&quot;:&quot;&quot;}\"><span style=\"color: #2b00fe\" data-keep-original-tag=\"false\" data-original-attrs=\"{&quot;style&quot;:&quot;&quot;}\">\u00a0<\/span>N<\/span>uestro objetivo principal es mejorar nuestra\u00a0<b>formaci\u00f3n en la metodolog\u00eda CLIL\u00a0<\/b><b>(AICLE -Aprendizaje Integrado de Contenidos y Lenguas Extranjeras)<\/b>\u00a0para poder aplicarlo en la asignatura de\u00a0<b>ciencias de la naturaleza<\/b>\u00a0dentro de dos cursos escolares.\u00a0<\/span><\/p>\n<p><span style=\"font-family: trebuchet\" data-keep-original-tag=\"false\" data-original-attrs=\"{&quot;style&quot;:&quot;&quot;}\">Adem\u00e1s, el proyecto que presentamos nos permitir\u00e1 intercambiar experiencias con otros centros europeos de caracter\u00edsticas similares y conseguir establecer una red de contactos con estos centros que nos ayudar\u00e1 a mejorar en la implantaci\u00f3n de estrategias en el \u00e1mbito de la educaci\u00f3n y\u00a0 formaci\u00f3n.<\/span><\/p>\n<p><span style=\"font-family: trebuchet\" data-keep-original-tag=\"false\" data-original-attrs=\"{&quot;style&quot;:&quot;&quot;}\">Para conseguir nuestros objetivos nos hemos planteado este proyecto de movilidad europeo consistente en dos per\u00edodos de formaci\u00f3n en el extranjero sobre metodolog\u00eda CLIL, organizado por la instituci\u00f3n\u00a0<b>\u201cCarob Institute\u201d.<\/b><\/span><\/p>\n<p><span style=\"font-family: trebuchet\" data-keep-original-tag=\"false\" data-original-attrs=\"{&quot;style&quot;:&quot;&quot;}\">Al profesorado participante se le exigir\u00e1 un nivel adecuado de la lengua en la que se van a impartir los cursos, ingl\u00e9s. Tambi\u00e9n se les pide gran implicaci\u00f3n en la tarea de difundir sus experiencias, tanto al profesorado del centro como a los medios de comunicaci\u00f3n locales y en la comunidad de centros educativos a la que pertenece nuestra instituci\u00f3n.<\/span><\/p>\n<p><span style=\"font-family: trebuchet\" data-keep-original-tag=\"false\" data-original-attrs=\"{&quot;style&quot;:&quot;&quot;}\">Las actividades previstas durante la movilidad est\u00e1n enfocadas a la formaci\u00f3n en\u00a0<b>CLIL<\/b>, en la que se nos dar\u00e1n a conocer diversas herramientas que facilitaran su implantaci\u00f3n en el aula, as\u00ed como el uso y perfeccionamiento de la lengua inglesa en nuestro centro.<\/span><\/p>\n<p><span data-keep-original-tag=\"false\" data-original-attrs=\"{&quot;style&quot;:&quot;&quot;}\"><span style=\"font-family: trebuchet\" data-keep-original-tag=\"false\" data-original-attrs=\"{&quot;style&quot;:&quot;&quot;}\"><b>El martes 20, la comisi\u00f3n de Erasmus+ del cole, formada por Ramiro, Berta, Juana, Marisol, Carla, Isabel, Merche, David y Gonzalo, tuvieron una primera toma de contacto para la repartici\u00f3n de tareas, adem\u00e1s de una peque\u00f1a presentaci\u00f3n del proyecto.<\/b><\/span><\/span><\/p>\n<p><span data-keep-original-tag=\"false\" data-original-attrs=\"{&quot;style&quot;:&quot;&quot;}\"><span style=\"color: #2b00fe\" data-keep-original-tag=\"false\" data-original-attrs=\"{&quot;style&quot;:&quot;&quot;}\"><b>\u00a0<\/b><\/span><\/span><a href=\"https:\/\/www.blogger.com\/blog\/post\/edit\/4981010041006957393\/8234700575886723361#\" data-original-attrs=\"{&quot;data-original-href&quot;:&quot;https:\/\/1.bp.blogspot.com\/-N6tceA81NO8\/X5FuqVZPafI\/AAAAAAAAKwI\/1gBFQL_-d9IPvKmHHbl8Ykwc92JgiX9vQCLcBGAsYHQ\/s2048\/IMG_20201020_130044.jpg&quot;,&quot;style&quot;:&quot;&quot;}\"><img decoding=\"async\" class=\"aligncenter\" src=\"https:\/\/1.bp.blogspot.com\/-N6tceA81NO8\/X5FuqVZPafI\/AAAAAAAAKwI\/1gBFQL_-d9IPvKmHHbl8Ykwc92JgiX9vQCLcBGAsYHQ\/s320\/IMG_20201020_130044.jpg\" width=\"413\" height=\"310\" border=\"0\" data-original-height=\"1536\" data-original-width=\"2048\" \/><\/a><strong><a href=\"https:\/\/www.blogger.com\/blog\/post\/edit\/4981010041006957393\/8234700575886723361#\" data-original-attrs=\"{&quot;data-original-href&quot;:&quot;https:\/\/1.bp.blogspot.com\/-TgyvK0WmaBY\/X5FumfkrowI\/AAAAAAAAKwE\/mgpCeu6ol4AXklOen6uegEhTMoQvQGLhwCLcBGAsYHQ\/s2048\/IMG_20201020_125440.jpg&quot;,&quot;style&quot;:&quot;&quot;}\"><span style=\"font-family: trebuchet\" data-keep-original-tag=\"false\" data-original-attrs=\"{&quot;style&quot;:&quot;&quot;}\">El proyecto ser\u00e1 expuesto en el pr\u00f3ximo Claustro y necesitaremos la implicaci\u00f3n de todo el profesorado.<\/span><\/a><\/strong><\/p>\n","protected":false},"excerpt":{"rendered":"<p>Buenas tardes a todos. \u00a0El colegio Sant\u00edsimo Cristo de la Fe ha recibido una subvenci\u00f3n\u00a0del SEPIE para desarrollar el proyecto CLIL para los profesores. \u00bfEn qu\u00e9 consiste nuestro Proyecto? \u00a0Nuestro objetivo principal es mejorar nuestra\u00a0formaci\u00f3n en la metodolog\u00eda CLIL\u00a0(AICLE -Aprendizaje Integrado de Contenidos y Lenguas Extranjeras)\u00a0para poder aplicarlo en la asignatura de\u00a0ciencias de la naturaleza\u00a0dentro [&hellip;]<\/p>\n","protected":false},"author":7,"featured_media":0,"comment_status":"closed","ping_status":"closed","sticky":false,"template":"","format":"standard","meta":{"footnotes":""},"categories":[45],"tags":[],"class_list":["post-3235","post","type-post","status-publish","format-standard","hentry","category-erasmus"],"_links":{"self":[{"href":"https:\/\/www.colegiosantisimo.es\/index.php?rest_route=\/wp\/v2\/posts\/3235","targetHints":{"allow":["GET"]}}],"collection":[{"href":"https:\/\/www.colegiosantisimo.es\/index.php?rest_route=\/wp\/v2\/posts"}],"about":[{"href":"https:\/\/www.colegiosantisimo.es\/index.php?rest_route=\/wp\/v2\/types\/post"}],"author":[{"embeddable":true,"href":"https:\/\/www.colegiosantisimo.es\/index.php?rest_route=\/wp\/v2\/users\/7"}],"replies":[{"embeddable":true,"href":"https:\/\/www.colegiosantisimo.es\/index.php?rest_route=%2Fwp%2Fv2%2Fcomments&post=3235"}],"version-history":[{"count":3,"href":"https:\/\/www.colegiosantisimo.es\/index.php?rest_route=\/wp\/v2\/posts\/3235\/revisions"}],"predecessor-version":[{"id":3264,"href":"https:\/\/www.colegiosantisimo.es\/index.php?rest_route=\/wp\/v2\/posts\/3235\/revisions\/3264"}],"wp:attachment":[{"href":"https:\/\/www.colegiosantisimo.es\/index.php?rest_route=%2Fwp%2Fv2%2Fmedia&parent=3235"}],"wp:term":[{"taxonomy":"category","embeddable":true,"href":"https:\/\/www.colegiosantisimo.es\/index.php?rest_route=%2Fwp%2Fv2%2Fcategories&post=3235"},{"taxonomy":"post_tag","embeddable":true,"href":"https:\/\/www.colegiosantisimo.es\/index.php?rest_route=%2Fwp%2Fv2%2Ftags&post=3235"}],"curies":[{"name":"wp","href":"https:\/\/api.w.org\/{rel}","templated":true}]}}