{"id":3313,"date":"2022-02-02T20:59:02","date_gmt":"2022-02-02T19:59:02","guid":{"rendered":"https:\/\/www.colegiosantisimo.es\/?p=3313"},"modified":"2022-11-20T13:02:35","modified_gmt":"2022-11-20T12:02:35","slug":"2022-dia-de-la-paz","status":"publish","type":"post","link":"https:\/\/www.colegiosantisimo.es\/?p=3313","title":{"rendered":"2022 D\u00eda de la paz"},"content":{"rendered":"<p>El pasado 28 de enero celebramos el d\u00eda de la paz en el Sant\u00edsimo, dedicado a conmemorar una cultura de no violencia y paz.<\/p>\n<p>La educaci\u00f3n en y para la tolerancia, la solidaridad, la concordia, el respeto a los Derechos Humanos, la no-violencia y la paz son motivos para recordar el 30 de enero. En en D\u00eda de la Paz, en el Sant\u00edsimo nos comprometemos como defensores de la paz y entendimiento entre personas de distinta procedencia y modos de pensar.<\/p>\n<p>Una educaci\u00f3n inspirada en una cultura de no violencia y paz permite a nuestro alumnado adquirir conocimientos, actitudes y competencias que refuercen su desarrollo como ciudadanos globales cr\u00edticos y comprometidos con sus derechos y los de otras personas.<\/p>\n<p><a title=\"ALBUM\" href=\"https:\/\/www.flickr.com\/photos\/49393115@N08\/albums\/72177720296404398\" data-flickr-embed=\"true\" data-header=\"true\" data-footer=\"false\" data-context=\"fl\"><img fetchpriority=\"high\" decoding=\"async\" src=\"https:\/\/c1.staticflickr.com\/3\/2828\/33855501875_4d302f3d2d_z.jpg\" alt=\"FOTOS\" width=\"600\" height=\"450\" \/><\/a><script async=\"\" src=\"\/\/embedr.flickr.com\/assets\/client-code.js\" charset=\"utf-8\"><\/script><\/p>\n","protected":false},"excerpt":{"rendered":"<p>El pasado 28 de enero celebramos el d\u00eda de la paz en el Sant\u00edsimo, dedicado a conmemorar una cultura de no violencia y paz. La educaci\u00f3n en y para la tolerancia, la solidaridad, la concordia, el respeto a los Derechos Humanos, la no-violencia y la paz son motivos para recordar el 30 de enero. En [&hellip;]<\/p>\n","protected":false},"author":5,"featured_media":3324,"comment_status":"closed","ping_status":"closed","sticky":false,"template":"","format":"standard","meta":{"footnotes":""},"categories":[4,14,12,16],"tags":[],"class_list":["post-3313","post","type-post","status-publish","format-standard","has-post-thumbnail","hentry","category-s4-actividades","category-c25-infantil","category-c29-primaria","category-c30-secundaria"],"_links":{"self":[{"href":"https:\/\/www.colegiosantisimo.es\/index.php?rest_route=\/wp\/v2\/posts\/3313","targetHints":{"allow":["GET"]}}],"collection":[{"href":"https:\/\/www.colegiosantisimo.es\/index.php?rest_route=\/wp\/v2\/posts"}],"about":[{"href":"https:\/\/www.colegiosantisimo.es\/index.php?rest_route=\/wp\/v2\/types\/post"}],"author":[{"embeddable":true,"href":"https:\/\/www.colegiosantisimo.es\/index.php?rest_route=\/wp\/v2\/users\/5"}],"replies":[{"embeddable":true,"href":"https:\/\/www.colegiosantisimo.es\/index.php?rest_route=%2Fwp%2Fv2%2Fcomments&post=3313"}],"version-history":[{"count":4,"href":"https:\/\/www.colegiosantisimo.es\/index.php?rest_route=\/wp\/v2\/posts\/3313\/revisions"}],"predecessor-version":[{"id":3326,"href":"https:\/\/www.colegiosantisimo.es\/index.php?rest_route=\/wp\/v2\/posts\/3313\/revisions\/3326"}],"wp:featuredmedia":[{"embeddable":true,"href":"https:\/\/www.colegiosantisimo.es\/index.php?rest_route=\/wp\/v2\/media\/3324"}],"wp:attachment":[{"href":"https:\/\/www.colegiosantisimo.es\/index.php?rest_route=%2Fwp%2Fv2%2Fmedia&parent=3313"}],"wp:term":[{"taxonomy":"category","embeddable":true,"href":"https:\/\/www.colegiosantisimo.es\/index.php?rest_route=%2Fwp%2Fv2%2Fcategories&post=3313"},{"taxonomy":"post_tag","embeddable":true,"href":"https:\/\/www.colegiosantisimo.es\/index.php?rest_route=%2Fwp%2Fv2%2Ftags&post=3313"}],"curies":[{"name":"wp","href":"https:\/\/api.w.org\/{rel}","templated":true}]}}