{"id":40,"date":"2010-03-21T23:00:00","date_gmt":"2010-03-21T22:00:00","guid":{"rendered":"http:\/\/www.colegiosantisimo.es\/?p=40"},"modified":"2010-03-21T23:00:00","modified_gmt":"2010-03-21T22:00:00","slug":"fallas-2010","status":"publish","type":"post","link":"https:\/\/www.colegiosantisimo.es\/?p=40","title":{"rendered":"Fallas 2010"},"content":{"rendered":"<h3>NI\u00d1OS, NI\u00d1AS, MAESTRAS Y MAESTROS\u2026YA ESTAMOS EN FALLAS!!<\/h3>\n<p>&nbsp;<\/p>\n<p>Una vez que pasan los reyes, el tiempo pasa muy r\u00e1pido, y tan r\u00e1pido porque llegamos enseguida a las fallas.<\/p>\n<p>\u00a0<img fetchpriority=\"high\" decoding=\"async\" src=\"http:\/\/lh3.ggpht.com\/_I1NyL4xpu6U\/TA40tzHpngI\/AAAAAAAAAaA\/ZAMpcCQya3A\/fallas2010-01.jpg\" border=\"0\" width=\"640\" height=\"480\" \/><\/p>\n<p>Los alumnos del Sant\u00edsimo Cristo de la Fe se involucraron al 100% para la creaci\u00f3n de nuestra falla.<\/p>\n<p>\u00a0<img decoding=\"async\" src=\"http:\/\/lh5.ggpht.com\/_I1NyL4xpu6U\/TA40tEqWMfI\/AAAAAAAAAZ8\/n1H21-QVfiE\/fallas2010-02.jpg\" border=\"0\" \/><\/p>\n<p>Desde comienzos de Marzo y con el olor a p\u00f3lvora de la Nostra  Crida Valenciana, empez\u00f3 un gran proyecto, del cual, todos fuimos part\u00edcipes, desde los m\u00e1s peque\u00f1os, hasta los m\u00e1s mayores.<\/p>\n<p>\u00a0<img decoding=\"async\" src=\"http:\/\/lh5.ggpht.com\/_I1NyL4xpu6U\/TA40jhgoyWI\/AAAAAAAAAZo\/h2WQSFbNFik\/fallas2010-04.jpg\" border=\"0\" width=\"640\" height=\"480\" \/><\/p>\n<p>El tema principal de nuestra gran obra es \u201cEls invents\u201d, y en el monumento pudimos comprobar el paso del tiempo desde los primeros inventos m\u00e1s rudimentarios e importantes como fue la \u201cRueda\u201d, hasta la era digital que es la actual.<\/p>\n<p>\u00a0<img decoding=\"async\" src=\"http:\/\/lh5.ggpht.com\/_I1NyL4xpu6U\/TA40i4MH8RI\/AAAAAAAAAZc\/b9u_sbxfhU8\/fallas2010-03.jpg\" border=\"0\" width=\"640\" height=\"480\" \/><\/p>\n<p>Pudimos comprobar tambi\u00e9n los cambios en los medios de transporte tanto terr\u00e1queos, como marinos, as\u00ed como a\u00e9reos y estratosf\u00e9ricos.<\/p>\n<p>&nbsp;<\/p>\n<p>Por fin lleg\u00f3 el d\u00eda de la \u201cplant\u00e0\u201d, y all\u00ed estaba nuestra gran obra, donde se \u201csent\u00eda\u201d observada y admirada por todos.<\/p>\n<p>\u00a0<img loading=\"lazy\" decoding=\"async\" src=\"http:\/\/lh6.ggpht.com\/_I1NyL4xpu6U\/TA40j0JMf1I\/AAAAAAAAAZw\/l2eRX4LmtMk\/fallas2010-05.jpg\" border=\"0\" width=\"640\" height=\"480\" \/><\/p>\n<p>La ma\u00f1ana transcurri\u00f3 con un gran \u201cCercavila\u201d por toda la barriada vestidos con nuestras mejores galas falleras, algunos \u00edbamos con blus\u00f3n, otros\u2026incluso se atrevieron a venir vestidos de falleros y de falleras, \u00a1qu\u00e9 gran ilusi\u00f3n!<\/p>\n<p>\u00a0<img loading=\"lazy\" decoding=\"async\" src=\"http:\/\/lh3.ggpht.com\/_I1NyL4xpu6U\/TA40klZK5GI\/AAAAAAAAAZ4\/JVDC6Ky2HKs\/fallas2010-06.jpg\" border=\"0\" width=\"640\" height=\"480\" \/><\/p>\n<p>Continu\u00f3 con la \u201cOfrena de flors\u201d y para casi finalizar la ma\u00f1ana, con nuestra gran presentaci\u00f3n. Todo era color, alegr\u00eda y emoci\u00f3n, hasta que lleg\u00f3 el gran colof\u00f3n con nuestra gran Globot\u00e0 coordinada por todos los \u201cprofes\u201d y dirigida por Vicent.<\/p>\n<p>\u00a0<img loading=\"lazy\" decoding=\"async\" src=\"http:\/\/lh3.ggpht.com\/_I1NyL4xpu6U\/TA40jTDbqdI\/AAAAAAAAAZg\/63FIfnfrqGI\/fallas2010-07.jpg\" border=\"0\" width=\"640\" height=\"435\" \/><\/p>\n<p>Por la tarde tuvimos nuestro gran desfile de disfraces en el que no falt\u00f3 detalle, para poder concluir de forma exitosa nuestra \u201cCrem\u00e0 fallera\u201d, todo el trabajo realizado por nuestros alumnos y maestros, se los devor\u00f3 las llamas en cuesti\u00f3n de minutos.<\/p>\n<p>\u00a0<img loading=\"lazy\" decoding=\"async\" src=\"http:\/\/lh3.ggpht.com\/_I1NyL4xpu6U\/TA40kHAUFCI\/AAAAAAAAAZ0\/L7UBtn24DD8\/fallas2010-08.jpg\" border=\"0\" width=\"640\" height=\"435\" \/><\/p>\n<p>Nunca se sintieron tristes, ya que este acto fallero prosigui\u00f3 con toda la semana fallera de diversi\u00f3n, cansancio y sobretodo sentimiento para todos aquellos que vivimos las fallas de una forma tan intensa como D. Jos\u00e9 Luis y yo.<\/p>\n<p>&nbsp;<\/p>\n<p style=\"text-align: right\"><strong>Un saludo para todos.<\/strong><\/p>\n<p style=\"text-align: right\"><strong>\u00a0<\/strong><\/p>\n<p style=\"text-align: right\"><strong>D. Gonzalo Toval Ledo.<\/strong><\/p>\n","protected":false},"excerpt":{"rendered":"<p>NI\u00d1OS, NI\u00d1AS, MAESTRAS Y MAESTROS\u2026YA ESTAMOS EN FALLAS!! &nbsp; Una vez que pasan los reyes, el tiempo pasa muy r\u00e1pido, y tan r\u00e1pido porque llegamos enseguida a las fallas. \u00a0 Los alumnos del Sant\u00edsimo Cristo de la Fe se involucraron al 100% para la creaci\u00f3n de nuestra falla. \u00a0 Desde comienzos de Marzo y con [&hellip;]<\/p>\n","protected":false},"author":6,"featured_media":0,"comment_status":"open","ping_status":"closed","sticky":false,"template":"","format":"standard","meta":{"footnotes":""},"categories":[16],"tags":[],"class_list":["post-40","post","type-post","status-publish","format-standard","hentry","category-c30-secundaria"],"_links":{"self":[{"href":"https:\/\/www.colegiosantisimo.es\/index.php?rest_route=\/wp\/v2\/posts\/40","targetHints":{"allow":["GET"]}}],"collection":[{"href":"https:\/\/www.colegiosantisimo.es\/index.php?rest_route=\/wp\/v2\/posts"}],"about":[{"href":"https:\/\/www.colegiosantisimo.es\/index.php?rest_route=\/wp\/v2\/types\/post"}],"author":[{"embeddable":true,"href":"https:\/\/www.colegiosantisimo.es\/index.php?rest_route=\/wp\/v2\/users\/6"}],"replies":[{"embeddable":true,"href":"https:\/\/www.colegiosantisimo.es\/index.php?rest_route=%2Fwp%2Fv2%2Fcomments&post=40"}],"version-history":[{"count":0,"href":"https:\/\/www.colegiosantisimo.es\/index.php?rest_route=\/wp\/v2\/posts\/40\/revisions"}],"wp:attachment":[{"href":"https:\/\/www.colegiosantisimo.es\/index.php?rest_route=%2Fwp%2Fv2%2Fmedia&parent=40"}],"wp:term":[{"taxonomy":"category","embeddable":true,"href":"https:\/\/www.colegiosantisimo.es\/index.php?rest_route=%2Fwp%2Fv2%2Fcategories&post=40"},{"taxonomy":"post_tag","embeddable":true,"href":"https:\/\/www.colegiosantisimo.es\/index.php?rest_route=%2Fwp%2Fv2%2Ftags&post=40"}],"curies":[{"name":"wp","href":"https:\/\/api.w.org\/{rel}","templated":true}]}}